
{"id":25429,"date":"2025-07-29T17:00:33","date_gmt":"2025-07-29T15:00:33","guid":{"rendered":"https:\/\/telavox.be\/?p=25429"},"modified":"2025-08-05T16:06:52","modified_gmt":"2025-08-05T14:06:52","slug":"preparez-votre-telephonie-dentreprise-pour-2026","status":"publish","type":"post","link":"https:\/\/telavox.be\/fr\/teletravail\/preparez-votre-telephonie-dentreprise-pour-2026\/","title":{"rendered":"T\u00e9l\u00e9phonie Cloud, mobilit\u00e9, flexibilit\u00e9 : pr\u00e9parez votre entreprise pour 2026"},"content":{"rendered":"\n<p>Le travail \u00e0 distance, les bureaux hybrides et la communication mobile ne sont plus des tendances, mais la nouvelle norme. Pour de nombreuses entreprises, cette fa\u00e7on de travailler pose de nouveaux d\u00e9fis en mati\u00e8re d\u2019accessibilit\u00e9, de collaboration et de flexibilit\u00e9.<\/p>\n\n\n\n<p><strong>Quelques probl\u00e8mes courants :<\/strong>&nbsp;<\/p>\n\n\n\n<ul class=\"wp-block-list\">\n<li>Les employ\u00e9s jonglent entre plusieurs plateformes de communication<br><\/li>\n\n\n\n<li>Les appels sont manqu\u00e9s lorsque les collaborateurs sont hors du bureau<br><\/li>\n\n\n\n<li>Avoir un num\u00e9ro de fixe et un num\u00e9ro de mobile complique la communication au travail : les interlocuteurs ne savent pas toujours lequel utiliser, ce qui peut entra\u00eener des appels manqu\u00e9s, une perte de temps et un suivi compliqu\u00e9. Cela nuit \u00e0 l\u2019efficacit\u00e9 et donne une image moins professionnelle.<br><\/li>\n\n\n\n<li>Pas de visibilit\u00e9 en temps r\u00e9el sur la disponibilit\u00e9 des coll\u00e8gues<\/li>\n<\/ul>\n\n\n\n<p><strong>La question est simple : vos outils t\u00e9l\u00e9com sont-ils pr\u00eats pour l\u2019avenir ?<\/strong><\/p>\n\n\n\n<h3 class=\"wp-block-heading\" id=\"h-pourquoi-des-outils-telecom-modernes-sont-essentiels-pour-les-entreprises\">Pourquoi des outils t\u00e9l\u00e9com modernes sont essentiels pour les entreprises<\/h3>\n\n\n\n<p>En 2025, vos clients s&rsquo;attendent \u00e0 une accessibilit\u00e9 imm\u00e9diate, peu importe o\u00f9 se trouve votre \u00e9quipe. Que vous soyez en pleine n\u00e9gociation commerciale, que vous travailliez depuis chez vous ou que vous assuriez le service client depuis un espace de coworking, votre communication doit rester fluide et professionnelle.<\/p>\n\n\n\n<h3 class=\"wp-block-heading\" id=\"h-ce-qu-une-solution-telecom-moderne-vous-apporte\">Ce qu\u2019une solution t\u00e9l\u00e9com moderne vous apporte<\/h3>\n\n\n\n<p>\u2705 <strong>Un seul num\u00e9ro sur tous vos appareils<br><\/strong>Travaillez avec un num\u00e9ro unique, accessible depuis votre mobile, votre ordinateur portable ou votre t\u00e9l\u00e9phone fixe.<\/p>\n\n\n\n<p>\u2705 <strong>T\u00e9l\u00e9phonie cloud via une plateforme de t\u00e9l\u00e9phonie<br><\/strong>G\u00e9rez l\u2019ensemble de votre syst\u00e8me t\u00e9l\u00e9phonique dans le cloud, sans mat\u00e9riel co\u00fbteux et en toute flexibilit\u00e9.<\/p>\n\n\n\n<p>\u2705 <strong>Int\u00e9gration compl\u00e8te avec le mobile<br><\/strong>Unifiez vos communications mobiles et fixes sur une seule plateforme. Vos appels passent par le r\u00e9seau mobile tout en restant connect\u00e9s \u00e0 votre solution t\u00e9l\u00e9com du bureau. Sans application, vous b\u00e9n\u00e9ficiez d\u2019une qualit\u00e9 d\u2019appel optimale et c\u2019est votre num\u00e9ro professionnel qui s\u2019affiche aupr\u00e8s de vos interlocuteurs, o\u00f9 que vous soyez.<\/p>\n\n\n\n<p>\u2705 <strong>Visibilit\u00e9 sur la disponibilit\u00e9 et routage intelligent des appels<br><\/strong>Voyez en temps r\u00e9el qui est disponible et redirigez automatiquement les appels vers la bonne personne ou le bon service.<\/p>\n\n\n\n<p>\u2705 <strong>Gestion via une interface intuitive<br><\/strong>Modifiez vous-m\u00eame les param\u00e8tres, sans l\u2019intervention du service IT ou d\u2019un support on\u00e9reux.<\/p>\n\n\n\n<h3 class=\"wp-block-heading\" id=\"h-le-travail-hybride-exige-des-solutions-telecom-flexibles\">Le travail hybride exige des solutions t\u00e9l\u00e9com flexibles<\/h3>\n\n\n\n<p>Les entreprises qui misent sur le travail hybride et la transformation num\u00e9rique ne peuvent plus se permettre de rester bloqu\u00e9es sur des syst\u00e8mes d\u00e9pass\u00e9s. La t\u00e9l\u00e9phonie classique entra\u00eene des appels manqu\u00e9s, de la frustration et une perte d\u2019efficacit\u00e9.<\/p>\n\n\n\n<p>Les collaborateurs veulent de la libert\u00e9, les clients veulent une r\u00e9ponse imm\u00e9diate.<br>Les outils t\u00e9l\u00e9com modernes font le lien entre ces deux exigences.<\/p>\n\n\n\n<p>Avec une solution t\u00e9l\u00e9com pens\u00e9e pour l\u2019avenir comme Telavox, vous gardez le contr\u00f4le et renforcez la collaboration au sein de vos \u00e9quipes.<\/p>\n\n\n\n<h3 class=\"wp-block-heading\" id=\"h-preparez-l-avenir-avec-telavox\">Pr\u00e9parez l\u2019avenir avec Telavox<\/h3>\n\n\n\n<p>Telavox aide les entreprises \u00e0 am\u00e9liorer leur accessibilit\u00e9 et leur communication. Notre plateforme est con\u00e7ue pour les structures qui souhaitent travailler de mani\u00e8re flexible tout en restant joignables de fa\u00e7on professionnelle, o\u00f9 qu\u2019elles soient.<\/p>\n\n\n\n<h3 class=\"wp-block-heading\" id=\"h-curieux-de-savoir-si-votre-environnement-telecom-est-pret\">Curieux de savoir si votre environnement t\u00e9l\u00e9com est pr\u00eat ?<\/h3>\n\n\n\n<p>Demandez d\u00e8s aujourd\u2019hui <a href=\"https:\/\/telavox.be\/fr\/contactez-nous\/\">une d\u00e9mo<\/a> gratuite et d\u00e9couvrez comment Telavox pr\u00e9pare votre entreprise pour les d\u00e9fis qui vous attendent en 2025.<\/p>\n","protected":false},"excerpt":{"rendered":"<p>La t\u00e9l\u00e9phonie cloud, la mobilit\u00e9 et la flexibilit\u00e9 sont essentielles pour les entreprises modernes. En 2026, une solution t\u00e9l\u00e9com unifi\u00e9e comme Telavox vous aide \u00e0 am\u00e9liorer l\u2019accessibilit\u00e9, r\u00e9duire les appels manqu\u00e9s et faciliter le travail hybride. Pr\u00e9parez votre entreprise d\u00e8s aujourd\u2019hui avec une plateforme pens\u00e9e pour la performance et la collaboration.<\/p>\n","protected":false},"author":3,"featured_media":25426,"comment_status":"open","ping_status":"open","sticky":false,"template":"","format":"standard","meta":{"_acf_changed":false,"content-type":"","inline_featured_image":false,"footnotes":""},"categories":[223],"tags":[],"class_list":["post-25429","post","type-post","status-publish","format-standard","has-post-thumbnail","hentry","category-teletravail"],"acf":[],"yoast_head":"<!-- This site is optimized with the Yoast SEO Premium plugin v23.8 (Yoast SEO v27.0) - https:\/\/yoast.com\/product\/yoast-seo-premium-wordpress\/ -->\n<title>Pr\u00e9parez votre t\u00e9l\u00e9phonie d&#039;entreprise pour 2026<\/title>\n<meta name=\"description\" content=\"T\u00e9l\u00e9phonie cloud, mobilit\u00e9, flexibilit\u00e9 : adoptez une solution moderne avec Telavox et pr\u00e9parez votre entreprise aux d\u00e9fis de 2026.\" \/>\n<meta name=\"robots\" content=\"index, follow, max-snippet:-1, max-image-preview:large, max-video-preview:-1\" \/>\n<link rel=\"canonical\" href=\"https:\/\/telavox.be\/fr\/teletravail\/preparez-votre-telephonie-dentreprise-pour-2026\/\" \/>\n<meta property=\"og:locale\" content=\"fr_FR\" \/>\n<meta property=\"og:type\" content=\"article\" \/>\n<meta property=\"og:title\" content=\"T\u00e9l\u00e9phonie Cloud, mobilit\u00e9, flexibilit\u00e9 : pr\u00e9parez votre entreprise pour 2026\" \/>\n<meta property=\"og:description\" content=\"T\u00e9l\u00e9phonie cloud, mobilit\u00e9, flexibilit\u00e9 : adoptez une solution moderne avec Telavox et pr\u00e9parez votre entreprise aux d\u00e9fis de 2026.\" \/>\n<meta property=\"og:url\" content=\"https:\/\/telavox.be\/fr\/teletravail\/preparez-votre-telephonie-dentreprise-pour-2026\/\" \/>\n<meta property=\"og:site_name\" content=\"Telavox\" \/>\n<meta property=\"article:publisher\" content=\"https:\/\/www.facebook.com\/telavox\/\" \/>\n<meta property=\"article:published_time\" content=\"2025-07-29T15:00:33+00:00\" \/>\n<meta property=\"article:modified_time\" content=\"2025-08-05T14:06:52+00:00\" \/>\n<meta property=\"og:image\" content=\"https:\/\/telavox.be\/wp-content\/uploads\/2025\/07\/AdobeStock_372653156-scaled.jpg\" \/>\n\t<meta property=\"og:image:width\" content=\"2560\" \/>\n\t<meta property=\"og:image:height\" content=\"1531\" \/>\n\t<meta property=\"og:image:type\" content=\"image\/jpeg\" \/>\n<meta name=\"author\" content=\"Alexander\" \/>\n<meta name=\"twitter:card\" content=\"summary_large_image\" \/>\n<meta name=\"twitter:creator\" content=\"@telavox\" \/>\n<meta name=\"twitter:site\" content=\"@telavox\" \/>\n<meta name=\"twitter:label1\" content=\"\u00c9crit par\" \/>\n\t<meta name=\"twitter:data1\" content=\"Alexander\" \/>\n\t<meta name=\"twitter:label2\" content=\"Dur\u00e9e de lecture estim\u00e9e\" \/>\n\t<meta name=\"twitter:data2\" content=\"3 minutes\" \/>\n<script type=\"application\/ld+json\" class=\"yoast-schema-graph\">{\"@context\":\"https:\/\/schema.org\",\"@graph\":[{\"@type\":\"Article\",\"@id\":\"https:\/\/telavox.be\/fr\/teletravail\/preparez-votre-telephonie-dentreprise-pour-2026\/#article\",\"isPartOf\":{\"@id\":\"https:\/\/telavox.be\/fr\/teletravail\/preparez-votre-telephonie-dentreprise-pour-2026\/\"},\"author\":{\"name\":\"Alexander\",\"@id\":\"https:\/\/telavox.be\/fr\/#\/schema\/person\/9ea1c61521b4792b22ea23cd9425eb8b\"},\"headline\":\"T\u00e9l\u00e9phonie Cloud, mobilit\u00e9, flexibilit\u00e9 : pr\u00e9parez votre entreprise pour 2026\",\"datePublished\":\"2025-07-29T15:00:33+00:00\",\"dateModified\":\"2025-08-05T14:06:52+00:00\",\"mainEntityOfPage\":{\"@id\":\"https:\/\/telavox.be\/fr\/teletravail\/preparez-votre-telephonie-dentreprise-pour-2026\/\"},\"wordCount\":607,\"commentCount\":0,\"publisher\":{\"@id\":\"https:\/\/telavox.be\/fr\/#organization\"},\"image\":{\"@id\":\"https:\/\/telavox.be\/fr\/teletravail\/preparez-votre-telephonie-dentreprise-pour-2026\/#primaryimage\"},\"thumbnailUrl\":\"https:\/\/telavox.be\/wp-content\/uploads\/2025\/07\/AdobeStock_372653156-scaled.jpg\",\"articleSection\":[\"T\u00e9l\u00e9travail\"],\"inLanguage\":\"fr-FR\",\"potentialAction\":[{\"@type\":\"CommentAction\",\"name\":\"Comment\",\"target\":[\"https:\/\/telavox.be\/fr\/teletravail\/preparez-votre-telephonie-dentreprise-pour-2026\/#respond\"]}]},{\"@type\":\"WebPage\",\"@id\":\"https:\/\/telavox.be\/fr\/teletravail\/preparez-votre-telephonie-dentreprise-pour-2026\/\",\"url\":\"https:\/\/telavox.be\/fr\/teletravail\/preparez-votre-telephonie-dentreprise-pour-2026\/\",\"name\":\"Pr\u00e9parez votre t\u00e9l\u00e9phonie d'entreprise pour 2026\",\"isPartOf\":{\"@id\":\"https:\/\/telavox.be\/fr\/#website\"},\"primaryImageOfPage\":{\"@id\":\"https:\/\/telavox.be\/fr\/teletravail\/preparez-votre-telephonie-dentreprise-pour-2026\/#primaryimage\"},\"image\":{\"@id\":\"https:\/\/telavox.be\/fr\/teletravail\/preparez-votre-telephonie-dentreprise-pour-2026\/#primaryimage\"},\"thumbnailUrl\":\"https:\/\/telavox.be\/wp-content\/uploads\/2025\/07\/AdobeStock_372653156-scaled.jpg\",\"datePublished\":\"2025-07-29T15:00:33+00:00\",\"dateModified\":\"2025-08-05T14:06:52+00:00\",\"description\":\"T\u00e9l\u00e9phonie cloud, mobilit\u00e9, flexibilit\u00e9 : adoptez une solution moderne avec Telavox et pr\u00e9parez votre entreprise aux d\u00e9fis de 2026.\",\"breadcrumb\":{\"@id\":\"https:\/\/telavox.be\/fr\/teletravail\/preparez-votre-telephonie-dentreprise-pour-2026\/#breadcrumb\"},\"inLanguage\":\"fr-FR\",\"potentialAction\":[{\"@type\":\"ReadAction\",\"target\":[\"https:\/\/telavox.be\/fr\/teletravail\/preparez-votre-telephonie-dentreprise-pour-2026\/\"]}]},{\"@type\":\"ImageObject\",\"inLanguage\":\"fr-FR\",\"@id\":\"https:\/\/telavox.be\/fr\/teletravail\/preparez-votre-telephonie-dentreprise-pour-2026\/#primaryimage\",\"url\":\"https:\/\/telavox.be\/wp-content\/uploads\/2025\/07\/AdobeStock_372653156-scaled.jpg\",\"contentUrl\":\"https:\/\/telavox.be\/wp-content\/uploads\/2025\/07\/AdobeStock_372653156-scaled.jpg\",\"width\":2560,\"height\":1531,\"caption\":\"young girl in a yellow shirt woman working on a laptop at home using a smartphone in the living room on the carpet, distant work and education.\"},{\"@type\":\"BreadcrumbList\",\"@id\":\"https:\/\/telavox.be\/fr\/teletravail\/preparez-votre-telephonie-dentreprise-pour-2026\/#breadcrumb\",\"itemListElement\":[{\"@type\":\"ListItem\",\"position\":1,\"name\":\"Home\",\"item\":\"https:\/\/telavox.be\/fr\/\"},{\"@type\":\"ListItem\",\"position\":2,\"name\":\"T\u00e9l\u00e9travail\",\"item\":\"https:\/\/telavox.be\/fr\/categorie\/teletravail\/\"},{\"@type\":\"ListItem\",\"position\":3,\"name\":\"T\u00e9l\u00e9phonie Cloud, mobilit\u00e9, flexibilit\u00e9 : pr\u00e9parez votre entreprise pour 2026\"}]},{\"@type\":\"WebSite\",\"@id\":\"https:\/\/telavox.be\/fr\/#website\",\"url\":\"https:\/\/telavox.be\/fr\/\",\"name\":\"Telavox\",\"description\":\"Telavox | F\u00f6retagstelefoni, v\u00e4xel och \u00e4rendehantering integrerat med dina favoritsystem\",\"publisher\":{\"@id\":\"https:\/\/telavox.be\/fr\/#organization\"},\"potentialAction\":[{\"@type\":\"SearchAction\",\"target\":{\"@type\":\"EntryPoint\",\"urlTemplate\":\"https:\/\/telavox.be\/fr\/?s={search_term_string}\"},\"query-input\":{\"@type\":\"PropertyValueSpecification\",\"valueRequired\":true,\"valueName\":\"search_term_string\"}}],\"inLanguage\":\"fr-FR\"},{\"@type\":\"Organization\",\"@id\":\"https:\/\/telavox.be\/fr\/#organization\",\"name\":\"Telavox\",\"url\":\"https:\/\/telavox.be\/fr\/\",\"logo\":{\"@type\":\"ImageObject\",\"inLanguage\":\"fr-FR\",\"@id\":\"https:\/\/telavox.be\/fr\/#\/schema\/logo\/image\/\",\"url\":\"https:\/\/telavox.be\/wp-content\/uploads\/2026\/03\/Telavox-Logo-RGB-Green-scaled.png\",\"contentUrl\":\"https:\/\/telavox.be\/wp-content\/uploads\/2026\/03\/Telavox-Logo-RGB-Green-scaled.png\",\"width\":2560,\"height\":432,\"caption\":\"Telavox\"},\"image\":{\"@id\":\"https:\/\/telavox.be\/fr\/#\/schema\/logo\/image\/\"},\"sameAs\":[\"https:\/\/www.facebook.com\/telavox\/\",\"https:\/\/x.com\/telavox\",\"https:\/\/www.linkedin.com\/company\/telavox\/\",\"https:\/\/www.instagram.com\/telavox\/\",\"https:\/\/www.youtube.com\/channel\/UCQqir-waeD7753eHPZtcKmg\"],\"telephone\":\"020100000\",\"legalName\":\"Telavox AB\",\"vatID\":\"SE556600778601\",\"numberOfEmployees\":{\"@type\":\"QuantitativeValue\",\"minValue\":\"201\",\"maxValue\":\"500\"}},{\"@type\":\"Person\",\"@id\":\"https:\/\/telavox.be\/fr\/#\/schema\/person\/9ea1c61521b4792b22ea23cd9425eb8b\",\"name\":\"Alexander\"}]}<\/script>\n<!-- \/ Yoast SEO Premium plugin. -->","yoast_head_json":{"title":"Pr\u00e9parez votre t\u00e9l\u00e9phonie d'entreprise pour 2026","description":"T\u00e9l\u00e9phonie cloud, mobilit\u00e9, flexibilit\u00e9 : adoptez une solution moderne avec Telavox et pr\u00e9parez votre entreprise aux d\u00e9fis de 2026.","robots":{"index":"index","follow":"follow","max-snippet":"max-snippet:-1","max-image-preview":"max-image-preview:large","max-video-preview":"max-video-preview:-1"},"canonical":"https:\/\/telavox.be\/fr\/teletravail\/preparez-votre-telephonie-dentreprise-pour-2026\/","og_locale":"fr_FR","og_type":"article","og_title":"T\u00e9l\u00e9phonie Cloud, mobilit\u00e9, flexibilit\u00e9 : pr\u00e9parez votre entreprise pour 2026","og_description":"T\u00e9l\u00e9phonie cloud, mobilit\u00e9, flexibilit\u00e9 : adoptez une solution moderne avec Telavox et pr\u00e9parez votre entreprise aux d\u00e9fis de 2026.","og_url":"https:\/\/telavox.be\/fr\/teletravail\/preparez-votre-telephonie-dentreprise-pour-2026\/","og_site_name":"Telavox","article_publisher":"https:\/\/www.facebook.com\/telavox\/","article_published_time":"2025-07-29T15:00:33+00:00","article_modified_time":"2025-08-05T14:06:52+00:00","og_image":[{"width":2560,"height":1531,"url":"https:\/\/telavox.be\/wp-content\/uploads\/2025\/07\/AdobeStock_372653156-scaled.jpg","type":"image\/jpeg"}],"author":"Alexander","twitter_card":"summary_large_image","twitter_creator":"@telavox","twitter_site":"@telavox","twitter_misc":{"\u00c9crit par":"Alexander","Dur\u00e9e de lecture estim\u00e9e":"3 minutes"},"schema":{"@context":"https:\/\/schema.org","@graph":[{"@type":"Article","@id":"https:\/\/telavox.be\/fr\/teletravail\/preparez-votre-telephonie-dentreprise-pour-2026\/#article","isPartOf":{"@id":"https:\/\/telavox.be\/fr\/teletravail\/preparez-votre-telephonie-dentreprise-pour-2026\/"},"author":{"name":"Alexander","@id":"https:\/\/telavox.be\/fr\/#\/schema\/person\/9ea1c61521b4792b22ea23cd9425eb8b"},"headline":"T\u00e9l\u00e9phonie Cloud, mobilit\u00e9, flexibilit\u00e9 : pr\u00e9parez votre entreprise pour 2026","datePublished":"2025-07-29T15:00:33+00:00","dateModified":"2025-08-05T14:06:52+00:00","mainEntityOfPage":{"@id":"https:\/\/telavox.be\/fr\/teletravail\/preparez-votre-telephonie-dentreprise-pour-2026\/"},"wordCount":607,"commentCount":0,"publisher":{"@id":"https:\/\/telavox.be\/fr\/#organization"},"image":{"@id":"https:\/\/telavox.be\/fr\/teletravail\/preparez-votre-telephonie-dentreprise-pour-2026\/#primaryimage"},"thumbnailUrl":"https:\/\/telavox.be\/wp-content\/uploads\/2025\/07\/AdobeStock_372653156-scaled.jpg","articleSection":["T\u00e9l\u00e9travail"],"inLanguage":"fr-FR","potentialAction":[{"@type":"CommentAction","name":"Comment","target":["https:\/\/telavox.be\/fr\/teletravail\/preparez-votre-telephonie-dentreprise-pour-2026\/#respond"]}]},{"@type":"WebPage","@id":"https:\/\/telavox.be\/fr\/teletravail\/preparez-votre-telephonie-dentreprise-pour-2026\/","url":"https:\/\/telavox.be\/fr\/teletravail\/preparez-votre-telephonie-dentreprise-pour-2026\/","name":"Pr\u00e9parez votre t\u00e9l\u00e9phonie d'entreprise pour 2026","isPartOf":{"@id":"https:\/\/telavox.be\/fr\/#website"},"primaryImageOfPage":{"@id":"https:\/\/telavox.be\/fr\/teletravail\/preparez-votre-telephonie-dentreprise-pour-2026\/#primaryimage"},"image":{"@id":"https:\/\/telavox.be\/fr\/teletravail\/preparez-votre-telephonie-dentreprise-pour-2026\/#primaryimage"},"thumbnailUrl":"https:\/\/telavox.be\/wp-content\/uploads\/2025\/07\/AdobeStock_372653156-scaled.jpg","datePublished":"2025-07-29T15:00:33+00:00","dateModified":"2025-08-05T14:06:52+00:00","description":"T\u00e9l\u00e9phonie cloud, mobilit\u00e9, flexibilit\u00e9 : adoptez une solution moderne avec Telavox et pr\u00e9parez votre entreprise aux d\u00e9fis de 2026.","breadcrumb":{"@id":"https:\/\/telavox.be\/fr\/teletravail\/preparez-votre-telephonie-dentreprise-pour-2026\/#breadcrumb"},"inLanguage":"fr-FR","potentialAction":[{"@type":"ReadAction","target":["https:\/\/telavox.be\/fr\/teletravail\/preparez-votre-telephonie-dentreprise-pour-2026\/"]}]},{"@type":"ImageObject","inLanguage":"fr-FR","@id":"https:\/\/telavox.be\/fr\/teletravail\/preparez-votre-telephonie-dentreprise-pour-2026\/#primaryimage","url":"https:\/\/telavox.be\/wp-content\/uploads\/2025\/07\/AdobeStock_372653156-scaled.jpg","contentUrl":"https:\/\/telavox.be\/wp-content\/uploads\/2025\/07\/AdobeStock_372653156-scaled.jpg","width":2560,"height":1531,"caption":"young girl in a yellow shirt woman working on a laptop at home using a smartphone in the living room on the carpet, distant work and education."},{"@type":"BreadcrumbList","@id":"https:\/\/telavox.be\/fr\/teletravail\/preparez-votre-telephonie-dentreprise-pour-2026\/#breadcrumb","itemListElement":[{"@type":"ListItem","position":1,"name":"Home","item":"https:\/\/telavox.be\/fr\/"},{"@type":"ListItem","position":2,"name":"T\u00e9l\u00e9travail","item":"https:\/\/telavox.be\/fr\/categorie\/teletravail\/"},{"@type":"ListItem","position":3,"name":"T\u00e9l\u00e9phonie Cloud, mobilit\u00e9, flexibilit\u00e9 : pr\u00e9parez votre entreprise pour 2026"}]},{"@type":"WebSite","@id":"https:\/\/telavox.be\/fr\/#website","url":"https:\/\/telavox.be\/fr\/","name":"Telavox","description":"Telavox | F\u00f6retagstelefoni, v\u00e4xel och \u00e4rendehantering integrerat med dina favoritsystem","publisher":{"@id":"https:\/\/telavox.be\/fr\/#organization"},"potentialAction":[{"@type":"SearchAction","target":{"@type":"EntryPoint","urlTemplate":"https:\/\/telavox.be\/fr\/?s={search_term_string}"},"query-input":{"@type":"PropertyValueSpecification","valueRequired":true,"valueName":"search_term_string"}}],"inLanguage":"fr-FR"},{"@type":"Organization","@id":"https:\/\/telavox.be\/fr\/#organization","name":"Telavox","url":"https:\/\/telavox.be\/fr\/","logo":{"@type":"ImageObject","inLanguage":"fr-FR","@id":"https:\/\/telavox.be\/fr\/#\/schema\/logo\/image\/","url":"https:\/\/telavox.be\/wp-content\/uploads\/2026\/03\/Telavox-Logo-RGB-Green-scaled.png","contentUrl":"https:\/\/telavox.be\/wp-content\/uploads\/2026\/03\/Telavox-Logo-RGB-Green-scaled.png","width":2560,"height":432,"caption":"Telavox"},"image":{"@id":"https:\/\/telavox.be\/fr\/#\/schema\/logo\/image\/"},"sameAs":["https:\/\/www.facebook.com\/telavox\/","https:\/\/x.com\/telavox","https:\/\/www.linkedin.com\/company\/telavox\/","https:\/\/www.instagram.com\/telavox\/","https:\/\/www.youtube.com\/channel\/UCQqir-waeD7753eHPZtcKmg"],"telephone":"020100000","legalName":"Telavox AB","vatID":"SE556600778601","numberOfEmployees":{"@type":"QuantitativeValue","minValue":"201","maxValue":"500"}},{"@type":"Person","@id":"https:\/\/telavox.be\/fr\/#\/schema\/person\/9ea1c61521b4792b22ea23cd9425eb8b","name":"Alexander"}]}},"_links":{"self":[{"href":"https:\/\/telavox.be\/fr\/wp-json\/wp\/v2\/posts\/25429","targetHints":{"allow":["GET"]}}],"collection":[{"href":"https:\/\/telavox.be\/fr\/wp-json\/wp\/v2\/posts"}],"about":[{"href":"https:\/\/telavox.be\/fr\/wp-json\/wp\/v2\/types\/post"}],"author":[{"embeddable":true,"href":"https:\/\/telavox.be\/fr\/wp-json\/wp\/v2\/users\/3"}],"replies":[{"embeddable":true,"href":"https:\/\/telavox.be\/fr\/wp-json\/wp\/v2\/comments?post=25429"}],"version-history":[{"count":1,"href":"https:\/\/telavox.be\/fr\/wp-json\/wp\/v2\/posts\/25429\/revisions"}],"predecessor-version":[{"id":25430,"href":"https:\/\/telavox.be\/fr\/wp-json\/wp\/v2\/posts\/25429\/revisions\/25430"}],"wp:featuredmedia":[{"embeddable":true,"href":"https:\/\/telavox.be\/fr\/wp-json\/wp\/v2\/media\/25426"}],"wp:attachment":[{"href":"https:\/\/telavox.be\/fr\/wp-json\/wp\/v2\/media?parent=25429"}],"wp:term":[{"taxonomy":"category","embeddable":true,"href":"https:\/\/telavox.be\/fr\/wp-json\/wp\/v2\/categories?post=25429"},{"taxonomy":"post_tag","embeddable":true,"href":"https:\/\/telavox.be\/fr\/wp-json\/wp\/v2\/tags?post=25429"}],"curies":[{"name":"wp","href":"https:\/\/api.w.org\/{rel}","templated":true}]}}