
{"id":25484,"date":"2025-08-05T16:18:58","date_gmt":"2025-08-05T14:18:58","guid":{"rendered":"https:\/\/telavox.be\/?p=25484"},"modified":"2025-08-05T16:21:54","modified_gmt":"2025-08-05T14:21:54","slug":"telephonie-dentreprise-en-belgique-la-solution-cloud-pour-une-communication-professionnelle-efficace","status":"publish","type":"post","link":"https:\/\/telavox.be\/fr\/general\/telephonie-dentreprise-en-belgique-la-solution-cloud-pour-une-communication-professionnelle-efficace\/","title":{"rendered":"T\u00e9l\u00e9phonie d\u2019entreprise en Belgique : la solution cloud pour une communication professionnelle efficace"},"content":{"rendered":"\n<p>En Belgique, les entreprises modernisent leurs outils de communication pour gagner en flexibilit\u00e9, en fiabilit\u00e9 et en simplicit\u00e9. Parmi les priorit\u00e9s\u202f: la t\u00e9l\u00e9phonie professionnelle. Aujourd\u2019hui, les lignes fixes classiques laissent place \u00e0 des solutions cloud plus agiles et \u00e9conomiques, adapt\u00e9es aux nouvelles r\u00e9alit\u00e9s du travail.<\/p>\n\n\n\n<p>Si vous recherchez une solution de t\u00e9l\u00e9phonie pour les entreprises en Belgique, voici pourquoi la t\u00e9l\u00e9phonie IP est devenue le choix de r\u00e9f\u00e9rence.<\/p>\n\n\n\n<h3 class=\"wp-block-heading\" id=\"h-qu-est-ce-que-la-telephonie-ip-ou-telephonie-cloud-professionnelle\">Qu\u2019est-ce que la t\u00e9l\u00e9phonie IP ou t\u00e9l\u00e9phonie cloud professionnelle\u202f?<\/h3>\n\n\n\n<p>La t\u00e9l\u00e9phonie IP (ou VoIP pour Voice over IP) permet de passer des appels via Internet, sans avoir besoin d\u2019une ligne t\u00e9l\u00e9phonique classique. Elle repose sur une infrastructure cloud, ce qui signifie que votre syst\u00e8me t\u00e9l\u00e9phonique est h\u00e9berg\u00e9 \u00e0 distsdfance et accessible partout.<\/p>\n\n\n\n<p>C\u2019est une solution professionnelle id\u00e9ale pour les entreprises belges qui veulent :<\/p>\n\n\n\n<ul class=\"wp-block-list\">\n<li>R\u00e9duire les co\u00fbts<\/li>\n\n\n\n<li>Faciliter le <a href=\"https:\/\/telavox.be\/fr\/teletravail\/preparez-votre-telephonie-dentreprise-pour-2026\/\">t\u00e9l\u00e9travail<\/a><\/li>\n\n\n\n<li>Simplifier la gestion des appels<\/li>\n\n\n\n<li>Offrir un service client plus r\u00e9actif<\/li>\n<\/ul>\n\n\n\n<h3 class=\"wp-block-heading\" id=\"h-pourquoi-les-entreprises-belges-adoptent-la-telephonie-cloud\">Pourquoi les entreprises belges adoptent la t\u00e9l\u00e9phonie cloud<\/h3>\n\n\n\n<p><strong>1. Flexibilit\u00e9 totale<\/strong><\/p>\n\n\n\n<p>Vos collaborateurs peuvent appeler et recevoir des appels depuis leur ordinateur, leur smartphone ou un t\u00e9l\u00e9phone IP, en gardant leur num\u00e9ro professionnel. Que ce soit au bureau, \u00e0 domicile ou en d\u00e9placement, ils restent disponibles \u00e0 tout moment.<\/p>\n\n\n\n<p><strong>2. Une gestion centralis\u00e9e<\/strong><\/p>\n\n\n\n<p>Vous g\u00e9rez les utilisateurs, les num\u00e9ros, les horaires, les renvois ou les files d\u2019attente depuis une interface web intuitive. Ajouter un nouveau collaborateur ne prend que quelques clics.<\/p>\n\n\n\n<p><strong>3. R\u00e9duction des co\u00fbts<\/strong><\/p>\n\n\n\n<p>Les appels sont moins chers, en particulier vers l\u2019international. Et comme tout passe par Internet, vous n\u2019avez plus besoin d\u2019investir dans une infrastructure t\u00e9l\u00e9phonique lourde.<\/p>\n\n\n\n<p><strong>4. Une meilleure image professionnelle<\/strong><\/p>\n\n\n\n<p>M\u00eame une PME peut d\u00e9sormais offrir un accueil t\u00e9l\u00e9phonique professionnel\u202f: <a href=\"https:\/\/telavox.be\/fr\/experience-client\/8-conseils-pour-un-message-de-bienvenue-professionnel\/\">messages personnalis\u00e9s<\/a>, musique d\u2019attente, transfert intelligent des appels, etc.<\/p>\n\n\n\n<h3 class=\"wp-block-heading\" id=\"h-telephonie-d-entreprise-un-enjeu-strategique-en-belgique\">T\u00e9l\u00e9phonie d\u2019entreprise : un enjeu strat\u00e9gique en Belgique<\/h3>\n\n\n\n<p>En Belgique, la qualit\u00e9 des communications reste un pilier essentiel de la relation client. Qu\u2019il s\u2019agisse d\u2019un cabinet m\u00e9dical, d\u2019un service commercial ou d\u2019une \u00e9quipe de support, une t\u00e9l\u00e9phonie fiable et bien configur\u00e9e fait toute la diff\u00e9rence.<\/p>\n\n\n\n<p>Avec une solution cloud adapt\u00e9e au march\u00e9 belge, vous b\u00e9n\u00e9ficiez de\u202f:<\/p>\n\n\n\n<ul class=\"wp-block-list\">\n<li>Une infrastructure locale stable et performante<\/li>\n\n\n\n<li>Des services en fran\u00e7ais, n\u00e9erlandais et anglais<\/li>\n\n\n\n<li>Une conformit\u00e9 totale au RGPD<\/li>\n\n\n\n<li>Un accompagnement personnalis\u00e9 par un partenaire de proximit\u00e9<\/li>\n<\/ul>\n\n\n\n<h3 class=\"wp-block-heading\" id=\"h-telavox-la-meilleure-solution-de-telephonie-pour-les-entreprise-en-belgique\">Telavox : la meilleure solution de t\u00e9l\u00e9phonie pour les entreprise en Belgique<\/h3>\n\n\n\n<p>Parmi les prestataires sp\u00e9cialis\u00e9s en t\u00e9l\u00e9phonie cloud professionnelle, Telavox propose une solution compl\u00e8te qui comprend les besoins des entreprises belges. Gr\u00e2ce \u00e0 sa technologie de pointe et \u00e0 son interface conviviale, vous gardez le contr\u00f4le sur tous vos appels \u2013 qu\u2019ils soient entrants ou sortants, fixes ou mobiles.<\/p>\n\n\n\n<p>Avec Telavox, vous b\u00e9n\u00e9ficiez :<\/p>\n\n\n\n<ul class=\"wp-block-list\">\n<li>d&rsquo;une t\u00e9l\u00e9phonie IP professionnelle, <a href=\"https:\/\/telavox.be\/fr\/non-classifiee\/la-convergence-fixe-mobile-la-revolution-de-la-telephonie-professionnelle\/\">int\u00e9gr\u00e9e au mobile<\/a><\/li>\n\n\n\n<li>d&rsquo;une solution facile \u00e0 g\u00e9rer &#8211; sans engagement complexe ni infrastructure \u00e0 g\u00e9rer<\/li>\n\n\n\n<li>d&rsquo;une \u00e9quipe locale qui vous accompagne de A \u00e0 Z<\/li>\n<\/ul>\n\n\n\n<h3 class=\"wp-block-heading\" id=\"h-en-conclusion\">En conclusion<\/h3>\n\n\n\n<p>La t\u00e9l\u00e9phonie d\u2019entreprise en Belgique entre dans une nouvelle \u00e8re. Plus flexible, plus simple et plus performante, la t\u00e9l\u00e9phonie IP permet \u00e0 votre entreprise de rester joignable \u00e0 tout moment, depuis n\u2019importe o\u00f9.<\/p>\n\n\n\n<p>Si vous cherchez une solution de t\u00e9l\u00e9phonie cloud professionnelle fiable et \u00e9volutive, adapt\u00e9e au march\u00e9 belge, Telavox est un choix \u00e0 consid\u00e9rer s\u00e9rieusement.<\/p>\n\n\n\n<p>D\u00e9j\u00e0 plus d&rsquo;un millier d&rsquo;organisations belges nous font confiance en tant qu&rsquo;op\u00e9rateurs de t\u00e9l\u00e9phonie VoIP. Et vous?&nbsp;<\/p>\n\n\n\n<p>Contactez-nous pour une <a href=\"https:\/\/telavox.be\/fr\/contactez-nous\/\">d\u00e9mo et un devis gratuit<\/a> !<\/p>\n\n\n\n<p><\/p>\n","protected":false},"excerpt":{"rendered":"<p>En Belgique, la t\u00e9l\u00e9phonie d\u2019entreprise passe au cloud. D\u00e9couvrez comment la VoIP (t\u00e9l\u00e9phonie IP) rend vos communications plus flexibles, \u00e9conomiques et professionnelles. Avec Telavox, b\u00e9n\u00e9ficiez d\u2019une solution fiable, d\u2019un support local r\u00e9actif et d\u2019outils adapt\u00e9s au march\u00e9 belge.<\/p>\n","protected":false},"author":3,"featured_media":25538,"comment_status":"open","ping_status":"open","sticky":false,"template":"","format":"standard","meta":{"_acf_changed":false,"content-type":"","inline_featured_image":false,"footnotes":""},"categories":[253],"tags":[],"class_list":["post-25484","post","type-post","status-publish","format-standard","has-post-thumbnail","hentry","category-general"],"acf":[],"yoast_head":"<!-- This site is optimized with the Yoast SEO Premium plugin v23.8 (Yoast SEO v27.0) - https:\/\/yoast.com\/product\/yoast-seo-premium-wordpress\/ -->\n<title>La meilleure solution de t\u00e9l\u00e9phonie pour les entreprise en Belgique<\/title>\n<meta name=\"description\" content=\"Optez pour une t\u00e9l\u00e9phonie d\u2019entreprise fixe et mobile avec un op\u00e9rateur belge : support local, solution fiable et adapt\u00e9e au march\u00e9 belge.\" \/>\n<meta name=\"robots\" content=\"index, follow, max-snippet:-1, max-image-preview:large, max-video-preview:-1\" \/>\n<link rel=\"canonical\" href=\"https:\/\/telavox.be\/fr\/general\/telephonie-dentreprise-en-belgique-la-solution-cloud-pour-une-communication-professionnelle-efficace\/\" \/>\n<meta property=\"og:locale\" content=\"fr_FR\" \/>\n<meta property=\"og:type\" content=\"article\" \/>\n<meta property=\"og:title\" content=\"T\u00e9l\u00e9phonie d\u2019entreprise en Belgique : la solution cloud pour une communication professionnelle efficace\" \/>\n<meta property=\"og:description\" content=\"Optez pour une t\u00e9l\u00e9phonie d\u2019entreprise fixe et mobile avec un op\u00e9rateur belge : support local, solution fiable et adapt\u00e9e au march\u00e9 belge.\" \/>\n<meta property=\"og:url\" content=\"https:\/\/telavox.be\/fr\/general\/telephonie-dentreprise-en-belgique-la-solution-cloud-pour-une-communication-professionnelle-efficace\/\" \/>\n<meta property=\"og:site_name\" content=\"Telavox\" \/>\n<meta property=\"article:publisher\" content=\"https:\/\/www.facebook.com\/telavox\/\" \/>\n<meta property=\"article:published_time\" content=\"2025-08-05T14:18:58+00:00\" \/>\n<meta property=\"article:modified_time\" content=\"2025-08-05T14:21:54+00:00\" \/>\n<meta property=\"og:image\" content=\"https:\/\/telavox.be\/wp-content\/uploads\/2025\/08\/Grand-place-image-1024x576.png\" \/>\n\t<meta property=\"og:image:width\" content=\"1024\" \/>\n\t<meta property=\"og:image:height\" content=\"576\" \/>\n\t<meta property=\"og:image:type\" content=\"image\/png\" \/>\n<meta name=\"author\" content=\"Alexander\" \/>\n<meta name=\"twitter:card\" content=\"summary_large_image\" \/>\n<meta name=\"twitter:creator\" content=\"@telavox\" \/>\n<meta name=\"twitter:site\" content=\"@telavox\" \/>\n<meta name=\"twitter:label1\" content=\"\u00c9crit par\" \/>\n\t<meta name=\"twitter:data1\" content=\"Alexander\" \/>\n\t<meta name=\"twitter:label2\" content=\"Dur\u00e9e de lecture estim\u00e9e\" \/>\n\t<meta name=\"twitter:data2\" content=\"3 minutes\" \/>\n<script type=\"application\/ld+json\" class=\"yoast-schema-graph\">{\"@context\":\"https:\/\/schema.org\",\"@graph\":[{\"@type\":\"Article\",\"@id\":\"https:\/\/telavox.be\/fr\/general\/telephonie-dentreprise-en-belgique-la-solution-cloud-pour-une-communication-professionnelle-efficace\/#article\",\"isPartOf\":{\"@id\":\"https:\/\/telavox.be\/fr\/general\/telephonie-dentreprise-en-belgique-la-solution-cloud-pour-une-communication-professionnelle-efficace\/\"},\"author\":{\"name\":\"Alexander\",\"@id\":\"https:\/\/telavox.be\/fr\/#\/schema\/person\/9ea1c61521b4792b22ea23cd9425eb8b\"},\"headline\":\"T\u00e9l\u00e9phonie d\u2019entreprise en Belgique : la solution cloud pour une communication professionnelle efficace\",\"datePublished\":\"2025-08-05T14:18:58+00:00\",\"dateModified\":\"2025-08-05T14:21:54+00:00\",\"mainEntityOfPage\":{\"@id\":\"https:\/\/telavox.be\/fr\/general\/telephonie-dentreprise-en-belgique-la-solution-cloud-pour-une-communication-professionnelle-efficace\/\"},\"wordCount\":654,\"commentCount\":0,\"publisher\":{\"@id\":\"https:\/\/telavox.be\/fr\/#organization\"},\"image\":{\"@id\":\"https:\/\/telavox.be\/fr\/general\/telephonie-dentreprise-en-belgique-la-solution-cloud-pour-une-communication-professionnelle-efficace\/#primaryimage\"},\"thumbnailUrl\":\"https:\/\/telavox.be\/wp-content\/uploads\/2025\/08\/Grand-place-image.png\",\"articleSection\":[\"G\u00e9n\u00e9ral\"],\"inLanguage\":\"fr-FR\",\"potentialAction\":[{\"@type\":\"CommentAction\",\"name\":\"Comment\",\"target\":[\"https:\/\/telavox.be\/fr\/general\/telephonie-dentreprise-en-belgique-la-solution-cloud-pour-une-communication-professionnelle-efficace\/#respond\"]}]},{\"@type\":\"WebPage\",\"@id\":\"https:\/\/telavox.be\/fr\/general\/telephonie-dentreprise-en-belgique-la-solution-cloud-pour-une-communication-professionnelle-efficace\/\",\"url\":\"https:\/\/telavox.be\/fr\/general\/telephonie-dentreprise-en-belgique-la-solution-cloud-pour-une-communication-professionnelle-efficace\/\",\"name\":\"La meilleure solution de t\u00e9l\u00e9phonie pour les entreprise en Belgique\",\"isPartOf\":{\"@id\":\"https:\/\/telavox.be\/fr\/#website\"},\"primaryImageOfPage\":{\"@id\":\"https:\/\/telavox.be\/fr\/general\/telephonie-dentreprise-en-belgique-la-solution-cloud-pour-une-communication-professionnelle-efficace\/#primaryimage\"},\"image\":{\"@id\":\"https:\/\/telavox.be\/fr\/general\/telephonie-dentreprise-en-belgique-la-solution-cloud-pour-une-communication-professionnelle-efficace\/#primaryimage\"},\"thumbnailUrl\":\"https:\/\/telavox.be\/wp-content\/uploads\/2025\/08\/Grand-place-image.png\",\"datePublished\":\"2025-08-05T14:18:58+00:00\",\"dateModified\":\"2025-08-05T14:21:54+00:00\",\"description\":\"Optez pour une t\u00e9l\u00e9phonie d\u2019entreprise fixe et mobile avec un op\u00e9rateur belge : support local, solution fiable et adapt\u00e9e au march\u00e9 belge.\",\"breadcrumb\":{\"@id\":\"https:\/\/telavox.be\/fr\/general\/telephonie-dentreprise-en-belgique-la-solution-cloud-pour-une-communication-professionnelle-efficace\/#breadcrumb\"},\"inLanguage\":\"fr-FR\",\"potentialAction\":[{\"@type\":\"ReadAction\",\"target\":[\"https:\/\/telavox.be\/fr\/general\/telephonie-dentreprise-en-belgique-la-solution-cloud-pour-une-communication-professionnelle-efficace\/\"]}]},{\"@type\":\"ImageObject\",\"inLanguage\":\"fr-FR\",\"@id\":\"https:\/\/telavox.be\/fr\/general\/telephonie-dentreprise-en-belgique-la-solution-cloud-pour-une-communication-professionnelle-efficace\/#primaryimage\",\"url\":\"https:\/\/telavox.be\/wp-content\/uploads\/2025\/08\/Grand-place-image.png\",\"contentUrl\":\"https:\/\/telavox.be\/wp-content\/uploads\/2025\/08\/Grand-place-image.png\",\"width\":1600,\"height\":900},{\"@type\":\"BreadcrumbList\",\"@id\":\"https:\/\/telavox.be\/fr\/general\/telephonie-dentreprise-en-belgique-la-solution-cloud-pour-une-communication-professionnelle-efficace\/#breadcrumb\",\"itemListElement\":[{\"@type\":\"ListItem\",\"position\":1,\"name\":\"Home\",\"item\":\"https:\/\/telavox.be\/fr\/\"},{\"@type\":\"ListItem\",\"position\":2,\"name\":\"G\u00e9n\u00e9ral\",\"item\":\"https:\/\/telavox.be\/fr\/categorie\/general\/\"},{\"@type\":\"ListItem\",\"position\":3,\"name\":\"T\u00e9l\u00e9phonie d\u2019entreprise en Belgique : la solution cloud pour une communication professionnelle efficace\"}]},{\"@type\":\"WebSite\",\"@id\":\"https:\/\/telavox.be\/fr\/#website\",\"url\":\"https:\/\/telavox.be\/fr\/\",\"name\":\"Telavox\",\"description\":\"Telavox | F\u00f6retagstelefoni, v\u00e4xel och \u00e4rendehantering integrerat med dina favoritsystem\",\"publisher\":{\"@id\":\"https:\/\/telavox.be\/fr\/#organization\"},\"potentialAction\":[{\"@type\":\"SearchAction\",\"target\":{\"@type\":\"EntryPoint\",\"urlTemplate\":\"https:\/\/telavox.be\/fr\/?s={search_term_string}\"},\"query-input\":{\"@type\":\"PropertyValueSpecification\",\"valueRequired\":true,\"valueName\":\"search_term_string\"}}],\"inLanguage\":\"fr-FR\"},{\"@type\":\"Organization\",\"@id\":\"https:\/\/telavox.be\/fr\/#organization\",\"name\":\"Telavox\",\"url\":\"https:\/\/telavox.be\/fr\/\",\"logo\":{\"@type\":\"ImageObject\",\"inLanguage\":\"fr-FR\",\"@id\":\"https:\/\/telavox.be\/fr\/#\/schema\/logo\/image\/\",\"url\":\"https:\/\/telavox.be\/wp-content\/uploads\/2026\/03\/Telavox-Logo-RGB-Green-scaled.png\",\"contentUrl\":\"https:\/\/telavox.be\/wp-content\/uploads\/2026\/03\/Telavox-Logo-RGB-Green-scaled.png\",\"width\":2560,\"height\":432,\"caption\":\"Telavox\"},\"image\":{\"@id\":\"https:\/\/telavox.be\/fr\/#\/schema\/logo\/image\/\"},\"sameAs\":[\"https:\/\/www.facebook.com\/telavox\/\",\"https:\/\/x.com\/telavox\",\"https:\/\/www.linkedin.com\/company\/telavox\/\",\"https:\/\/www.instagram.com\/telavox\/\",\"https:\/\/www.youtube.com\/channel\/UCQqir-waeD7753eHPZtcKmg\"],\"telephone\":\"020100000\",\"legalName\":\"Telavox AB\",\"vatID\":\"SE556600778601\",\"numberOfEmployees\":{\"@type\":\"QuantitativeValue\",\"minValue\":\"201\",\"maxValue\":\"500\"}},{\"@type\":\"Person\",\"@id\":\"https:\/\/telavox.be\/fr\/#\/schema\/person\/9ea1c61521b4792b22ea23cd9425eb8b\",\"name\":\"Alexander\"}]}<\/script>\n<!-- \/ Yoast SEO Premium plugin. -->","yoast_head_json":{"title":"La meilleure solution de t\u00e9l\u00e9phonie pour les entreprise en Belgique","description":"Optez pour une t\u00e9l\u00e9phonie d\u2019entreprise fixe et mobile avec un op\u00e9rateur belge : support local, solution fiable et adapt\u00e9e au march\u00e9 belge.","robots":{"index":"index","follow":"follow","max-snippet":"max-snippet:-1","max-image-preview":"max-image-preview:large","max-video-preview":"max-video-preview:-1"},"canonical":"https:\/\/telavox.be\/fr\/general\/telephonie-dentreprise-en-belgique-la-solution-cloud-pour-une-communication-professionnelle-efficace\/","og_locale":"fr_FR","og_type":"article","og_title":"T\u00e9l\u00e9phonie d\u2019entreprise en Belgique : la solution cloud pour une communication professionnelle efficace","og_description":"Optez pour une t\u00e9l\u00e9phonie d\u2019entreprise fixe et mobile avec un op\u00e9rateur belge : support local, solution fiable et adapt\u00e9e au march\u00e9 belge.","og_url":"https:\/\/telavox.be\/fr\/general\/telephonie-dentreprise-en-belgique-la-solution-cloud-pour-une-communication-professionnelle-efficace\/","og_site_name":"Telavox","article_publisher":"https:\/\/www.facebook.com\/telavox\/","article_published_time":"2025-08-05T14:18:58+00:00","article_modified_time":"2025-08-05T14:21:54+00:00","og_image":[{"width":1024,"height":576,"url":"https:\/\/telavox.be\/wp-content\/uploads\/2025\/08\/Grand-place-image-1024x576.png","type":"image\/png"}],"author":"Alexander","twitter_card":"summary_large_image","twitter_creator":"@telavox","twitter_site":"@telavox","twitter_misc":{"\u00c9crit par":"Alexander","Dur\u00e9e de lecture estim\u00e9e":"3 minutes"},"schema":{"@context":"https:\/\/schema.org","@graph":[{"@type":"Article","@id":"https:\/\/telavox.be\/fr\/general\/telephonie-dentreprise-en-belgique-la-solution-cloud-pour-une-communication-professionnelle-efficace\/#article","isPartOf":{"@id":"https:\/\/telavox.be\/fr\/general\/telephonie-dentreprise-en-belgique-la-solution-cloud-pour-une-communication-professionnelle-efficace\/"},"author":{"name":"Alexander","@id":"https:\/\/telavox.be\/fr\/#\/schema\/person\/9ea1c61521b4792b22ea23cd9425eb8b"},"headline":"T\u00e9l\u00e9phonie d\u2019entreprise en Belgique : la solution cloud pour une communication professionnelle efficace","datePublished":"2025-08-05T14:18:58+00:00","dateModified":"2025-08-05T14:21:54+00:00","mainEntityOfPage":{"@id":"https:\/\/telavox.be\/fr\/general\/telephonie-dentreprise-en-belgique-la-solution-cloud-pour-une-communication-professionnelle-efficace\/"},"wordCount":654,"commentCount":0,"publisher":{"@id":"https:\/\/telavox.be\/fr\/#organization"},"image":{"@id":"https:\/\/telavox.be\/fr\/general\/telephonie-dentreprise-en-belgique-la-solution-cloud-pour-une-communication-professionnelle-efficace\/#primaryimage"},"thumbnailUrl":"https:\/\/telavox.be\/wp-content\/uploads\/2025\/08\/Grand-place-image.png","articleSection":["G\u00e9n\u00e9ral"],"inLanguage":"fr-FR","potentialAction":[{"@type":"CommentAction","name":"Comment","target":["https:\/\/telavox.be\/fr\/general\/telephonie-dentreprise-en-belgique-la-solution-cloud-pour-une-communication-professionnelle-efficace\/#respond"]}]},{"@type":"WebPage","@id":"https:\/\/telavox.be\/fr\/general\/telephonie-dentreprise-en-belgique-la-solution-cloud-pour-une-communication-professionnelle-efficace\/","url":"https:\/\/telavox.be\/fr\/general\/telephonie-dentreprise-en-belgique-la-solution-cloud-pour-une-communication-professionnelle-efficace\/","name":"La meilleure solution de t\u00e9l\u00e9phonie pour les entreprise en Belgique","isPartOf":{"@id":"https:\/\/telavox.be\/fr\/#website"},"primaryImageOfPage":{"@id":"https:\/\/telavox.be\/fr\/general\/telephonie-dentreprise-en-belgique-la-solution-cloud-pour-une-communication-professionnelle-efficace\/#primaryimage"},"image":{"@id":"https:\/\/telavox.be\/fr\/general\/telephonie-dentreprise-en-belgique-la-solution-cloud-pour-une-communication-professionnelle-efficace\/#primaryimage"},"thumbnailUrl":"https:\/\/telavox.be\/wp-content\/uploads\/2025\/08\/Grand-place-image.png","datePublished":"2025-08-05T14:18:58+00:00","dateModified":"2025-08-05T14:21:54+00:00","description":"Optez pour une t\u00e9l\u00e9phonie d\u2019entreprise fixe et mobile avec un op\u00e9rateur belge : support local, solution fiable et adapt\u00e9e au march\u00e9 belge.","breadcrumb":{"@id":"https:\/\/telavox.be\/fr\/general\/telephonie-dentreprise-en-belgique-la-solution-cloud-pour-une-communication-professionnelle-efficace\/#breadcrumb"},"inLanguage":"fr-FR","potentialAction":[{"@type":"ReadAction","target":["https:\/\/telavox.be\/fr\/general\/telephonie-dentreprise-en-belgique-la-solution-cloud-pour-une-communication-professionnelle-efficace\/"]}]},{"@type":"ImageObject","inLanguage":"fr-FR","@id":"https:\/\/telavox.be\/fr\/general\/telephonie-dentreprise-en-belgique-la-solution-cloud-pour-une-communication-professionnelle-efficace\/#primaryimage","url":"https:\/\/telavox.be\/wp-content\/uploads\/2025\/08\/Grand-place-image.png","contentUrl":"https:\/\/telavox.be\/wp-content\/uploads\/2025\/08\/Grand-place-image.png","width":1600,"height":900},{"@type":"BreadcrumbList","@id":"https:\/\/telavox.be\/fr\/general\/telephonie-dentreprise-en-belgique-la-solution-cloud-pour-une-communication-professionnelle-efficace\/#breadcrumb","itemListElement":[{"@type":"ListItem","position":1,"name":"Home","item":"https:\/\/telavox.be\/fr\/"},{"@type":"ListItem","position":2,"name":"G\u00e9n\u00e9ral","item":"https:\/\/telavox.be\/fr\/categorie\/general\/"},{"@type":"ListItem","position":3,"name":"T\u00e9l\u00e9phonie d\u2019entreprise en Belgique : la solution cloud pour une communication professionnelle efficace"}]},{"@type":"WebSite","@id":"https:\/\/telavox.be\/fr\/#website","url":"https:\/\/telavox.be\/fr\/","name":"Telavox","description":"Telavox | F\u00f6retagstelefoni, v\u00e4xel och \u00e4rendehantering integrerat med dina favoritsystem","publisher":{"@id":"https:\/\/telavox.be\/fr\/#organization"},"potentialAction":[{"@type":"SearchAction","target":{"@type":"EntryPoint","urlTemplate":"https:\/\/telavox.be\/fr\/?s={search_term_string}"},"query-input":{"@type":"PropertyValueSpecification","valueRequired":true,"valueName":"search_term_string"}}],"inLanguage":"fr-FR"},{"@type":"Organization","@id":"https:\/\/telavox.be\/fr\/#organization","name":"Telavox","url":"https:\/\/telavox.be\/fr\/","logo":{"@type":"ImageObject","inLanguage":"fr-FR","@id":"https:\/\/telavox.be\/fr\/#\/schema\/logo\/image\/","url":"https:\/\/telavox.be\/wp-content\/uploads\/2026\/03\/Telavox-Logo-RGB-Green-scaled.png","contentUrl":"https:\/\/telavox.be\/wp-content\/uploads\/2026\/03\/Telavox-Logo-RGB-Green-scaled.png","width":2560,"height":432,"caption":"Telavox"},"image":{"@id":"https:\/\/telavox.be\/fr\/#\/schema\/logo\/image\/"},"sameAs":["https:\/\/www.facebook.com\/telavox\/","https:\/\/x.com\/telavox","https:\/\/www.linkedin.com\/company\/telavox\/","https:\/\/www.instagram.com\/telavox\/","https:\/\/www.youtube.com\/channel\/UCQqir-waeD7753eHPZtcKmg"],"telephone":"020100000","legalName":"Telavox AB","vatID":"SE556600778601","numberOfEmployees":{"@type":"QuantitativeValue","minValue":"201","maxValue":"500"}},{"@type":"Person","@id":"https:\/\/telavox.be\/fr\/#\/schema\/person\/9ea1c61521b4792b22ea23cd9425eb8b","name":"Alexander"}]}},"_links":{"self":[{"href":"https:\/\/telavox.be\/fr\/wp-json\/wp\/v2\/posts\/25484","targetHints":{"allow":["GET"]}}],"collection":[{"href":"https:\/\/telavox.be\/fr\/wp-json\/wp\/v2\/posts"}],"about":[{"href":"https:\/\/telavox.be\/fr\/wp-json\/wp\/v2\/types\/post"}],"author":[{"embeddable":true,"href":"https:\/\/telavox.be\/fr\/wp-json\/wp\/v2\/users\/3"}],"replies":[{"embeddable":true,"href":"https:\/\/telavox.be\/fr\/wp-json\/wp\/v2\/comments?post=25484"}],"version-history":[{"count":2,"href":"https:\/\/telavox.be\/fr\/wp-json\/wp\/v2\/posts\/25484\/revisions"}],"predecessor-version":[{"id":25542,"href":"https:\/\/telavox.be\/fr\/wp-json\/wp\/v2\/posts\/25484\/revisions\/25542"}],"wp:featuredmedia":[{"embeddable":true,"href":"https:\/\/telavox.be\/fr\/wp-json\/wp\/v2\/media\/25538"}],"wp:attachment":[{"href":"https:\/\/telavox.be\/fr\/wp-json\/wp\/v2\/media?parent=25484"}],"wp:term":[{"taxonomy":"category","embeddable":true,"href":"https:\/\/telavox.be\/fr\/wp-json\/wp\/v2\/categories?post=25484"},{"taxonomy":"post_tag","embeddable":true,"href":"https:\/\/telavox.be\/fr\/wp-json\/wp\/v2\/tags?post=25484"}],"curies":[{"name":"wp","href":"https:\/\/api.w.org\/{rel}","templated":true}]}}